{"id":4175,"date":"2021-11-15T13:58:25","date_gmt":"2021-11-15T11:58:25","guid":{"rendered":"https:\/\/etmu.fi\/blog\/etmu-statements-2020-2021\/"},"modified":"2021-11-15T13:58:25","modified_gmt":"2021-11-15T11:58:25","slug":"etmu-statements-2020-2021","status":"publish","type":"post","link":"https:\/\/etmu.fi\/en\/blog\/etmu-statements-2020-2021\/","title":{"rendered":"ETMU Statements 2020\u20132021"},"content":{"rendered":"\n<p><strong>4 November 2021<\/strong><\/p>\n\n\n\n<p><strong>Encouragement<\/strong><\/p>\n\n\n\n<p><strong>The Citizens&#8217;s Initiative &#8220;Lupa el\u00e4\u00e4 \u2013 Suomessa pitk\u00e4\u00e4n asuneille turvapaikanhakijoille my\u00f6nnett\u00e4v\u00e4 oleskeluluvat<\/strong>&#8220;<\/p>\n\n\n\n<p>The\u00a0citizen&#8217;s\u00a0initiative\u00a0<a href=\"https:\/\/www.kansalaisaloite.fi\/fi\/aloite\/9109\">Lupa el\u00e4\u00e4 \u2013 Suomessa pitk\u00e4\u00e4n asuneille turvapaikanhakijoille my\u00f6nnett\u00e4v\u00e4 oleskeluluvat<\/a> [A Permit to Live \u2013 A Residence Permit to be Granted to Refugees Who Have Lived Long in FInland]\u00a0was\u00a0launched the\u00a0first of November 2021.<\/p>\n\n\n\n<p>The aim of the reason is to solve a humanitarian crisis, which has been caused by long asylum processes and lack of documents. What can you do as a follower of ETMU? If you are a Finnish citizen, sign the initiative.<\/p>\n\n\n\n<p>Share as widely as you can: <a href=\"https:\/\/l.facebook.com\/l.php?u=https%3A%2F%2Fwww.kansalaisaloite.fi%2Ffi%2Faloite%2F9109%3Ffbclid%3DIwAR33PrAayn-q2qt6EvqHH_0enBlYr54_c_3SAdJBsp-dZw7_vB9nCC_Ba6Q&amp;h=AT0im4XfERtcgFx8zKnz1hVvyN6kddx3RNQ3ZZmg0rryungmgeY6LH26RkovpFutFlxxrzqHyA-6WpglI7cptki9acnjdAiYBWkeJYnFaCh8oqLp2nkRe6Fw32XHreUUFfenPmo&amp;__tn__=-UK-R&amp;c%5b0%5d=AT12C-WQHUOHvpukWtnajFUHrNRhhmBBEBtMW7yYHAScK3Z349djd2y_VbK8ADA-_evcqnvR3t2JlPi9gIm95e1CPmXC3gS74Pw1FjecfiB84Ga4ByHOS0sKWblsrfI7aswZdbNwvpxRWIx2F2SVh_hV-HBL07_IB-nV_pEPznWhcw_fSA\">https:\/\/www.kansalaisaloite.fi\/fi\/aloite\/9109<\/a><\/p>\n\n\n\n<p><strong>19 June 2020<\/strong><\/p>\n\n\n\n<p><strong>Statement<\/strong><\/p>\n\n\n\n<p><strong>ETMU Stands in Solidarity with the Palestinian People<\/strong><\/p>\n\n\n\n<p>As an academic association that is concerned with issues of equity, migration, and colonization, ETMU speaks up against violations of the Palestinian people\u2019s human rights\u00a0and their dignity. ETMU stresses that situations of colonization, oppression, and apartheid cannot be considered as fights among equals. In the face of such gross injustice, we ask leaders, academics, and governments in Finland and all over the world to speak up and take action against the violation of Palestinians&#8217; human rights at the hands of the Israeli state, and to ensure the rights of both Palestinians and Israelis to live in dignity.<\/p>\n\n\n\n<p><strong>Panel Discussion &#8220;Finnish Academia &amp; Palestine&#8221; in collaboration with the Activist Research Network was held on 21st June, 2020<\/strong><\/p>\n\n\n\n<p>Panelists:<\/p>\n\n\n\n<p>Iyad Tumar, Birzeit University<\/p>\n\n\n\n<p>Ameera Masoud, University of Helsinki<\/p>\n\n\n\n<p>Mikko Joronen, Tampere University<\/p>\n\n\n\n<p>Majed Abusalama, Tampere University &amp; We Are Not Numbers<\/p>\n\n\n\n<p>The panelists discussed the relevance of Palestine for Finnish academia, colonial complicity, teaching and research practices that support Palestinian liberation and decolonization, pro-Palestine activism in Finland, the weaponization of education by the state of Israel against Palestinians, and more. The panelists had short presentations which were followed by questions and answers. The event was ended by a reading of a poem by Palestinian and Finnish artist Razan Askar.<\/p>\n\n\n\n<p><strong>7 April 2020<\/strong><\/p>\n\n\n\n<p><strong>Statement<\/strong><\/p>\n\n\n\n<p><strong>ETMU Stands in Solidarity with Dr. Faith Mkwesha<\/strong><\/p>\n\n\n\n<p>In March 2020, the Anti-Racist Research Network Raster released a <a href=\"https:\/\/raster.fi\/2021\/03\/26\/voice-against-racism-without-sanctions\/?fbclid=IwAR3-EbDEtms0L0Lr0CEStY3x3sumgqbq4_speQ3-_RXlS-z5lhH6NzSKo-E\">statement<\/a> in support of Dr. Faith Mkwesha, who has faced the threat of sanctions for speaking up against racism.<\/p>\n\n\n\n<p>As Raster, we also feel it is the everybody&#8217;s responsibility to ensure that Black, Brown and other racialised minority people can tell about their experiences of racism and discrimination without being threatened by legal actions or other such negative repercussions.<\/p>\n\n\n\n<p>The statement was signed by scholars from various universities:<\/p>\n\n\n\n<p>Suvi Keskinen, University of Helsinki<\/p>\n\n\n\n<p>Anna-Leena Riitaoja, University of Helsinki<\/p>\n\n\n\n<p>Ali Ali, University of Helsinki<\/p>\n\n\n\n<p>Tuuli Kurki, University of Helsinki<\/p>\n\n\n\n<p>Gwena\u00eblle Bauvois, University of Helsinki<\/p>\n\n\n\n<p>Saara Koikkalainen, University of Eastern Finland<\/p>\n\n\n\n<p>Daria Krivonos, University of Helsinki<\/p>\n\n\n\n<p>Elisa Pascucci, University of Helsinki<\/p>\n\n\n\n<p>Minna Seikkula, University of Helsinki<\/p>\n\n\n\n<p>Niko Pyrh\u00f6nen, University of Helsinki<\/p>\n\n\n\n<p>Zeinab Karimi, University of Helsinki<\/p>\n\n\n\n<p>Tobias P\u00f6tzsch, University of Helsinki<\/p>\n\n\n\n<p>Liina Mustonen, University of Duisburg-Essen<\/p>\n\n\n\n<p>Nora Fabritius, University of Helsinki<\/p>\n\n\n\n<p>Markus Himanen, University of Helsinki<\/p>\n\n\n\n<p>Aminkeng Atabong Alemanji University of Helsinki<\/p>\n\n\n\n<p>Johanna Ennser-Kananen, University of Jyv\u00e4skyl\u00e4<\/p>\n\n\n\n<p>Leonardo Cust\u00f3dio, \u00c5bo Akademi University<\/p>\n","protected":false},"excerpt":{"rendered":"<p>4 November 2021 Encouragement The Citizens&#8217;s Initiative &#8220;Lupa el\u00e4\u00e4 \u2013 Suomessa pitk\u00e4\u00e4n asuneille turvapaikanhakijoille my\u00f6nnett\u00e4v\u00e4 oleskeluluvat&#8220; The\u00a0citizen&#8217;s\u00a0initiative\u00a0Lupa el\u00e4\u00e4 \u2013 Suomessa pitk\u00e4\u00e4n asuneille turvapaikanhakijoille my\u00f6nnett\u00e4v\u00e4 oleskeluluvat [A Permit to Live \u2013 A Residence Permit to be Granted to Refugees Who Have Lived Long in FInland]\u00a0was\u00a0launched the\u00a0first of November 2021. The aim of the reason is to&hellip;&nbsp;<a href=\"https:\/\/etmu.fi\/en\/blog\/etmu-statements-2020-2021\/\" class=\"\" rel=\"bookmark\">Read More &raquo;<span class=\"screen-reader-text\">ETMU Statements 2020\u20132021<\/span><\/a><\/p>\n","protected":false},"author":19,"featured_media":0,"comment_status":"closed","ping_status":"closed","sticky":false,"template":"","format":"standard","meta":{"inline_featured_image":false,"_uag_custom_page_level_css":"","neve_meta_sidebar":"","neve_meta_container":"","neve_meta_enable_content_width":"","neve_meta_content_width":0,"neve_meta_title_alignment":"","neve_meta_author_avatar":"","neve_post_elements_order":"","neve_meta_disable_header":"","neve_meta_disable_footer":"","neve_meta_disable_title":""},"categories":[3,189,190],"tags":[],"yoast_head":"<!-- This site is optimized with the Yoast SEO plugin v20.5 - https:\/\/yoast.com\/wordpress\/plugins\/seo\/ -->\n<title>ETMU Statements 2020\u20132021 - ETMU<\/title>\n<meta name=\"robots\" content=\"index, follow, max-snippet:-1, max-image-preview:large, max-video-preview:-1\" \/>\n<link rel=\"canonical\" href=\"https:\/\/etmu.fi\/en\/blog\/etmu-statements-2020-2021\/\" \/>\n<meta property=\"og:locale\" content=\"en_US\" \/>\n<meta property=\"og:type\" content=\"article\" \/>\n<meta property=\"og:title\" content=\"ETMU Statements 2020\u20132021 - ETMU\" \/>\n<meta property=\"og:description\" content=\"4 November 2021 Encouragement The Citizens&#8217;s Initiative &#8220;Lupa el\u00e4\u00e4 \u2013 Suomessa pitk\u00e4\u00e4n asuneille turvapaikanhakijoille my\u00f6nnett\u00e4v\u00e4 oleskeluluvat&#8220; The\u00a0citizen&#8217;s\u00a0initiative\u00a0Lupa el\u00e4\u00e4 \u2013 Suomessa pitk\u00e4\u00e4n asuneille turvapaikanhakijoille my\u00f6nnett\u00e4v\u00e4 oleskeluluvat [A Permit to Live \u2013 A Residence Permit to be Granted to Refugees Who Have Lived Long in FInland]\u00a0was\u00a0launched the\u00a0first of November 2021. The aim of the reason is to&hellip;&nbsp;Read More &raquo;ETMU Statements 2020\u20132021\" \/>\n<meta property=\"og:url\" content=\"https:\/\/etmu.fi\/en\/blog\/etmu-statements-2020-2021\/\" \/>\n<meta property=\"og:site_name\" content=\"ETMU\" \/>\n<meta property=\"article:publisher\" content=\"https:\/\/www.facebook.com\/Etmu-ry-276925405713353\/\" \/>\n<meta property=\"article:published_time\" content=\"2021-11-15T11:58:25+00:00\" \/>\n<meta name=\"author\" content=\"Ville-Samuli\" \/>\n<meta name=\"twitter:label1\" content=\"Written by\" \/>\n\t<meta name=\"twitter:data1\" content=\"Ville-Samuli\" \/>\n\t<meta name=\"twitter:label2\" content=\"Est. reading time\" \/>\n\t<meta name=\"twitter:data2\" content=\"3 minutes\" \/>\n<script type=\"application\/ld+json\" class=\"yoast-schema-graph\">{\"@context\":\"https:\/\/schema.org\",\"@graph\":[{\"@type\":\"Article\",\"@id\":\"https:\/\/etmu.fi\/en\/blog\/etmu-statements-2020-2021\/#article\",\"isPartOf\":{\"@id\":\"https:\/\/etmu.fi\/en\/blog\/etmu-statements-2020-2021\/\"},\"author\":{\"name\":\"Ville-Samuli\",\"@id\":\"https:\/\/etmu.fi\/en\/#\/schema\/person\/29bf17a9011a7aef48557640b1dabb24\"},\"headline\":\"ETMU Statements 2020\u20132021\",\"datePublished\":\"2021-11-15T11:58:25+00:00\",\"dateModified\":\"2021-11-15T11:58:25+00:00\",\"mainEntityOfPage\":{\"@id\":\"https:\/\/etmu.fi\/en\/blog\/etmu-statements-2020-2021\/\"},\"wordCount\":511,\"publisher\":{\"@id\":\"https:\/\/etmu.fi\/en\/#organization\"},\"articleSection\":[\"Blog\",\"News\",\"Statements\"],\"inLanguage\":\"en-US\"},{\"@type\":\"WebPage\",\"@id\":\"https:\/\/etmu.fi\/en\/blog\/etmu-statements-2020-2021\/\",\"url\":\"https:\/\/etmu.fi\/en\/blog\/etmu-statements-2020-2021\/\",\"name\":\"ETMU Statements 2020\u20132021 - ETMU\",\"isPartOf\":{\"@id\":\"https:\/\/etmu.fi\/en\/#website\"},\"datePublished\":\"2021-11-15T11:58:25+00:00\",\"dateModified\":\"2021-11-15T11:58:25+00:00\",\"inLanguage\":\"en-US\",\"potentialAction\":[{\"@type\":\"ReadAction\",\"target\":[\"https:\/\/etmu.fi\/en\/blog\/etmu-statements-2020-2021\/\"]}]},{\"@type\":\"WebSite\",\"@id\":\"https:\/\/etmu.fi\/en\/#website\",\"url\":\"https:\/\/etmu.fi\/en\/\",\"name\":\"ETMU ry\",\"description\":\"The Society for the Study of Ethnic Relations and International Migration (ETMU)\",\"publisher\":{\"@id\":\"https:\/\/etmu.fi\/en\/#organization\"},\"potentialAction\":[{\"@type\":\"SearchAction\",\"target\":{\"@type\":\"EntryPoint\",\"urlTemplate\":\"https:\/\/etmu.fi\/en\/?s={search_term_string}\"},\"query-input\":\"required name=search_term_string\"}],\"inLanguage\":\"en-US\"},{\"@type\":\"Organization\",\"@id\":\"https:\/\/etmu.fi\/en\/#organization\",\"name\":\"ETMU ry\",\"url\":\"https:\/\/etmu.fi\/en\/\",\"logo\":{\"@type\":\"ImageObject\",\"inLanguage\":\"en-US\",\"@id\":\"https:\/\/etmu.fi\/en\/#\/schema\/logo\/image\/\",\"url\":\"https:\/\/etmu.fi\/wp-content\/uploads\/2018\/04\/Logo_ETMU.png\",\"contentUrl\":\"https:\/\/etmu.fi\/wp-content\/uploads\/2018\/04\/Logo_ETMU.png\",\"width\":3415,\"height\":1366,\"caption\":\"ETMU ry\"},\"image\":{\"@id\":\"https:\/\/etmu.fi\/en\/#\/schema\/logo\/image\/\"},\"sameAs\":[\"https:\/\/www.facebook.com\/Etmu-ry-276925405713353\/\",\"https:\/\/twitter.com\/etmury\"]},{\"@type\":\"Person\",\"@id\":\"https:\/\/etmu.fi\/en\/#\/schema\/person\/29bf17a9011a7aef48557640b1dabb24\",\"name\":\"Ville-Samuli\",\"image\":{\"@type\":\"ImageObject\",\"inLanguage\":\"en-US\",\"@id\":\"https:\/\/etmu.fi\/en\/#\/schema\/person\/image\/\",\"url\":\"https:\/\/etmu.fi\/wp-content\/litespeed\/avatar\/cffef4162e7f0f53e2ce64274dd8ee44.jpg?ver=1776766123\",\"contentUrl\":\"https:\/\/etmu.fi\/wp-content\/litespeed\/avatar\/cffef4162e7f0f53e2ce64274dd8ee44.jpg?ver=1776766123\",\"caption\":\"Ville-Samuli\"},\"url\":\"https:\/\/etmu.fi\/en\/author\/ville-samuli-haverinen\/\"}]}<\/script>\n<!-- \/ Yoast SEO plugin. -->","yoast_head_json":{"title":"ETMU Statements 2020\u20132021 - ETMU","robots":{"index":"index","follow":"follow","max-snippet":"max-snippet:-1","max-image-preview":"max-image-preview:large","max-video-preview":"max-video-preview:-1"},"canonical":"https:\/\/etmu.fi\/en\/blog\/etmu-statements-2020-2021\/","og_locale":"en_US","og_type":"article","og_title":"ETMU Statements 2020\u20132021 - ETMU","og_description":"4 November 2021 Encouragement The Citizens&#8217;s Initiative &#8220;Lupa el\u00e4\u00e4 \u2013 Suomessa pitk\u00e4\u00e4n asuneille turvapaikanhakijoille my\u00f6nnett\u00e4v\u00e4 oleskeluluvat&#8220; The\u00a0citizen&#8217;s\u00a0initiative\u00a0Lupa el\u00e4\u00e4 \u2013 Suomessa pitk\u00e4\u00e4n asuneille turvapaikanhakijoille my\u00f6nnett\u00e4v\u00e4 oleskeluluvat [A Permit to Live \u2013 A Residence Permit to be Granted to Refugees Who Have Lived Long in FInland]\u00a0was\u00a0launched the\u00a0first of November 2021. The aim of the reason is to&hellip;&nbsp;Read More &raquo;ETMU Statements 2020\u20132021","og_url":"https:\/\/etmu.fi\/en\/blog\/etmu-statements-2020-2021\/","og_site_name":"ETMU","article_publisher":"https:\/\/www.facebook.com\/Etmu-ry-276925405713353\/","article_published_time":"2021-11-15T11:58:25+00:00","author":"Ville-Samuli","twitter_misc":{"Written by":"Ville-Samuli","Est. reading time":"3 minutes"},"schema":{"@context":"https:\/\/schema.org","@graph":[{"@type":"Article","@id":"https:\/\/etmu.fi\/en\/blog\/etmu-statements-2020-2021\/#article","isPartOf":{"@id":"https:\/\/etmu.fi\/en\/blog\/etmu-statements-2020-2021\/"},"author":{"name":"Ville-Samuli","@id":"https:\/\/etmu.fi\/en\/#\/schema\/person\/29bf17a9011a7aef48557640b1dabb24"},"headline":"ETMU Statements 2020\u20132021","datePublished":"2021-11-15T11:58:25+00:00","dateModified":"2021-11-15T11:58:25+00:00","mainEntityOfPage":{"@id":"https:\/\/etmu.fi\/en\/blog\/etmu-statements-2020-2021\/"},"wordCount":511,"publisher":{"@id":"https:\/\/etmu.fi\/en\/#organization"},"articleSection":["Blog","News","Statements"],"inLanguage":"en-US"},{"@type":"WebPage","@id":"https:\/\/etmu.fi\/en\/blog\/etmu-statements-2020-2021\/","url":"https:\/\/etmu.fi\/en\/blog\/etmu-statements-2020-2021\/","name":"ETMU Statements 2020\u20132021 - ETMU","isPartOf":{"@id":"https:\/\/etmu.fi\/en\/#website"},"datePublished":"2021-11-15T11:58:25+00:00","dateModified":"2021-11-15T11:58:25+00:00","inLanguage":"en-US","potentialAction":[{"@type":"ReadAction","target":["https:\/\/etmu.fi\/en\/blog\/etmu-statements-2020-2021\/"]}]},{"@type":"WebSite","@id":"https:\/\/etmu.fi\/en\/#website","url":"https:\/\/etmu.fi\/en\/","name":"ETMU ry","description":"The Society for the Study of Ethnic Relations and International Migration (ETMU)","publisher":{"@id":"https:\/\/etmu.fi\/en\/#organization"},"potentialAction":[{"@type":"SearchAction","target":{"@type":"EntryPoint","urlTemplate":"https:\/\/etmu.fi\/en\/?s={search_term_string}"},"query-input":"required name=search_term_string"}],"inLanguage":"en-US"},{"@type":"Organization","@id":"https:\/\/etmu.fi\/en\/#organization","name":"ETMU ry","url":"https:\/\/etmu.fi\/en\/","logo":{"@type":"ImageObject","inLanguage":"en-US","@id":"https:\/\/etmu.fi\/en\/#\/schema\/logo\/image\/","url":"https:\/\/etmu.fi\/wp-content\/uploads\/2018\/04\/Logo_ETMU.png","contentUrl":"https:\/\/etmu.fi\/wp-content\/uploads\/2018\/04\/Logo_ETMU.png","width":3415,"height":1366,"caption":"ETMU ry"},"image":{"@id":"https:\/\/etmu.fi\/en\/#\/schema\/logo\/image\/"},"sameAs":["https:\/\/www.facebook.com\/Etmu-ry-276925405713353\/","https:\/\/twitter.com\/etmury"]},{"@type":"Person","@id":"https:\/\/etmu.fi\/en\/#\/schema\/person\/29bf17a9011a7aef48557640b1dabb24","name":"Ville-Samuli","image":{"@type":"ImageObject","inLanguage":"en-US","@id":"https:\/\/etmu.fi\/en\/#\/schema\/person\/image\/","url":"https:\/\/etmu.fi\/wp-content\/litespeed\/avatar\/cffef4162e7f0f53e2ce64274dd8ee44.jpg?ver=1776766123","contentUrl":"https:\/\/etmu.fi\/wp-content\/litespeed\/avatar\/cffef4162e7f0f53e2ce64274dd8ee44.jpg?ver=1776766123","caption":"Ville-Samuli"},"url":"https:\/\/etmu.fi\/en\/author\/ville-samuli-haverinen\/"}]}},"uagb_featured_image_src":{"full":false,"thumbnail":false,"medium":false,"medium_large":false,"large":false,"1536x1536":false,"2048x2048":false,"neve-blog":false},"uagb_author_info":{"display_name":"Ville-Samuli","author_link":"https:\/\/etmu.fi\/en\/author\/ville-samuli-haverinen\/"},"uagb_comment_info":0,"uagb_excerpt":"4 November 2021 Encouragement The Citizens&#8217;s Initiative &#8220;Lupa el\u00e4\u00e4 \u2013 Suomessa pitk\u00e4\u00e4n asuneille turvapaikanhakijoille my\u00f6nnett\u00e4v\u00e4 oleskeluluvat&#8220; The\u00a0citizen&#8217;s\u00a0initiative\u00a0Lupa el\u00e4\u00e4 \u2013 Suomessa pitk\u00e4\u00e4n asuneille turvapaikanhakijoille my\u00f6nnett\u00e4v\u00e4 oleskeluluvat [A Permit to Live \u2013 A Residence Permit to be Granted to Refugees Who Have Lived Long in FInland]\u00a0was\u00a0launched the\u00a0first of November 2021. The aim of the reason is to&hellip;&nbsp;Read&hellip;","_links":{"self":[{"href":"https:\/\/etmu.fi\/en\/wp-json\/wp\/v2\/posts\/4175"}],"collection":[{"href":"https:\/\/etmu.fi\/en\/wp-json\/wp\/v2\/posts"}],"about":[{"href":"https:\/\/etmu.fi\/en\/wp-json\/wp\/v2\/types\/post"}],"author":[{"embeddable":true,"href":"https:\/\/etmu.fi\/en\/wp-json\/wp\/v2\/users\/19"}],"replies":[{"embeddable":true,"href":"https:\/\/etmu.fi\/en\/wp-json\/wp\/v2\/comments?post=4175"}],"version-history":[{"count":0,"href":"https:\/\/etmu.fi\/en\/wp-json\/wp\/v2\/posts\/4175\/revisions"}],"wp:attachment":[{"href":"https:\/\/etmu.fi\/en\/wp-json\/wp\/v2\/media?parent=4175"}],"wp:term":[{"taxonomy":"category","embeddable":true,"href":"https:\/\/etmu.fi\/en\/wp-json\/wp\/v2\/categories?post=4175"},{"taxonomy":"post_tag","embeddable":true,"href":"https:\/\/etmu.fi\/en\/wp-json\/wp\/v2\/tags?post=4175"}],"curies":[{"name":"wp","href":"https:\/\/api.w.org\/{rel}","templated":true}]}}